{"id":124,"date":"2019-07-12T08:59:25","date_gmt":"2019-07-12T08:59:25","guid":{"rendered":"https:\/\/cgcopyp.org\/?p=124"},"modified":"2019-07-12T09:02:06","modified_gmt":"2019-07-12T09:02:06","slug":"i-congreso-internacional-de-politica-educativa","status":"publish","type":"post","link":"https:\/\/cgcopyp.org\/index.php\/archivos\/124","title":{"rendered":"I CONGRESO INTERNACIONAL DE POL\u00cdTICA EDUCATIVA"},"content":{"rendered":"\n<p>El <strong>I CONGRESO INTERNACIONAL DE POL\u00cdTICA EDUCATIVA<\/strong>\n es un punto de encuentro t\u00e9cnico que re\u00fane a los m\u00e1s prestigiosos \nprofesionales y acad\u00e9micos en la b\u00fasqueda de un diagn\u00f3stico certero de \nla situaci\u00f3n del sistema educativo en Espa\u00f1a y proponer aquellas medidas\n y estrategias m\u00e1s adecuadas para su mejora.<\/p>\n\n\n\n<p>Es por tanto, un marco de b\u00fasqueda, \ndiagn\u00f3stico y discusi\u00f3n tan necesario para el futuro del sistema \neducativo espa\u00f1ol y las \u00e1reas sociales y econ\u00f3micas que se ven afectadas\n por la educaci\u00f3n a corto, medio y largo plazo.<\/p>\n\n\n\n<p><a href=\"https:\/\/www.cgcopyp.org\/cgcopypevents\/index.aspx\">INSCR\u00cdBASE<\/a> en este congreso que se celebrar\u00e1 los d\u00edas 26 y 27 de marzo de 2020 en la Universidad Complutense de Madrid y que est\u00e1 organizado por el Consejo General de Colegios Oficiales de Pedagogos y Psicopedagogos de Espa\u00f1a junto con la Facultad de Educaci\u00f3n de la Complutense de Madrid y con la colaboraci\u00f3n  de muchas de las Facultades de Pedagog\u00eda y Educaci\u00f3n de este pa\u00eds. Tambi\u00e9n colaboran los Colegios Oficiciales de Pedagogos y Psicopedagogos existentes as\u00ed como las diversas asociaciones pro-colegio oficial de pedagogos. <\/p>\n","protected":false},"excerpt":{"rendered":"<p>El I CONGRESO INTERNACIONAL DE POL\u00cdTICA EDUCATIVA es un punto de encuentro t\u00e9cnico que re\u00fane a los m\u00e1s prestigiosos profesionales y acad\u00e9micos en la b\u00fasqueda de un diagn\u00f3stico certero de&#8230;<\/p>\n<div class=\"more-link-wrapper\"><a class=\"more-link\" href=\"https:\/\/cgcopyp.org\/index.php\/archivos\/124\">Leer m\u00e1s<span class=\"screen-reader-text\">I CONGRESO INTERNACIONAL DE POL\u00cdTICA EDUCATIVA<\/span><\/a><\/div>\n","protected":false},"author":1,"featured_media":90,"comment_status":"open","ping_status":"open","sticky":false,"template":"","format":"standard","meta":{"footnotes":""},"categories":[4],"tags":[6,5,7],"class_list":["post-124","post","type-post","status-publish","format-standard","has-post-thumbnail","hentry","category-congreso","tag-congreso","tag-eventos","tag-politica-educativa","excerpt"],"_links":{"self":[{"href":"https:\/\/cgcopyp.org\/index.php\/wp-json\/wp\/v2\/posts\/124","targetHints":{"allow":["GET"]}}],"collection":[{"href":"https:\/\/cgcopyp.org\/index.php\/wp-json\/wp\/v2\/posts"}],"about":[{"href":"https:\/\/cgcopyp.org\/index.php\/wp-json\/wp\/v2\/types\/post"}],"author":[{"embeddable":true,"href":"https:\/\/cgcopyp.org\/index.php\/wp-json\/wp\/v2\/users\/1"}],"replies":[{"embeddable":true,"href":"https:\/\/cgcopyp.org\/index.php\/wp-json\/wp\/v2\/comments?post=124"}],"version-history":[{"count":1,"href":"https:\/\/cgcopyp.org\/index.php\/wp-json\/wp\/v2\/posts\/124\/revisions"}],"predecessor-version":[{"id":125,"href":"https:\/\/cgcopyp.org\/index.php\/wp-json\/wp\/v2\/posts\/124\/revisions\/125"}],"wp:featuredmedia":[{"embeddable":true,"href":"https:\/\/cgcopyp.org\/index.php\/wp-json\/wp\/v2\/media\/90"}],"wp:attachment":[{"href":"https:\/\/cgcopyp.org\/index.php\/wp-json\/wp\/v2\/media?parent=124"}],"wp:term":[{"taxonomy":"category","embeddable":true,"href":"https:\/\/cgcopyp.org\/index.php\/wp-json\/wp\/v2\/categories?post=124"},{"taxonomy":"post_tag","embeddable":true,"href":"https:\/\/cgcopyp.org\/index.php\/wp-json\/wp\/v2\/tags?post=124"}],"curies":[{"name":"wp","href":"https:\/\/api.w.org\/{rel}","templated":true}]}}